{"id":1023,"date":"2016-06-03T18:02:59","date_gmt":"2016-06-03T17:02:59","guid":{"rendered":"http:\/\/www.hans-peter-briegel.de\/blog\/?p=1023"},"modified":"2016-06-03T18:02:59","modified_gmt":"2016-06-03T17:02:59","slug":"zu-besuch-bei-hans-gunter-neues","status":"publish","type":"post","link":"http:\/\/www.hans-peter-briegel.de\/blog\/?p=1023","title":{"rendered":"Zu Besuch bei Hans-G\u00fcnter Neues"},"content":{"rendered":"<p>Liebe Besucher, Fans und Freunde,<\/p>\n<p>\u00a0<\/p>\n<p>vor Kurzem waren meine Frau und ich \u2013 begleitet vom SWR \u2013 zu Besuch bei meinem guten Freund Hans-G\u00fcnter Neues, der seit zwei Jahren gegen Darmkrebs k\u00e4mpft. In einem <a href=\"http:\/\/www.swr.de\/sport\/ehemaliger-fck-spieler-kaempft-gegen-darmkrebs\/-\/id=1208948\/did=17524316\/nid=1208948\/hxzuj7\/index.html\" target=\"_blank\">bewegenden Interview<\/a> erz\u00e4hlt Hans-G\u00fcnter, wie er der Krankheit den Kampf angesagt hat und sich seinen Optimismus nicht nehmen l\u00e4sst.<\/p>\n<p>\u00a0<\/p>\n<p>Euer Hans-Peter Briegel<\/p>\n","protected":false},"excerpt":{"rendered":"<p>Liebe Besucher, Fans und Freunde, \u00a0 vor Kurzem waren meine Frau und ich \u2013 begleitet vom SWR \u2013 zu Besuch bei meinem guten Freund Hans-G\u00fcnter Neues, der seit zwei Jahren gegen Darmkrebs k\u00e4mpft. In einem bewegenden Interview erz\u00e4hlt Hans-G\u00fcnter, wie er der Krankheit den Kampf angesagt hat und sich seinen Optimismus nicht nehmen l\u00e4sst. \u00a0 [&hellip;]<\/p>\n","protected":false},"author":1,"featured_media":0,"comment_status":"closed","ping_status":"open","sticky":false,"template":"","format":"standard","meta":{"footnotes":""},"categories":[4,1,7],"tags":[],"_links":{"self":[{"href":"http:\/\/www.hans-peter-briegel.de\/blog\/index.php?rest_route=\/wp\/v2\/posts\/1023"}],"collection":[{"href":"http:\/\/www.hans-peter-briegel.de\/blog\/index.php?rest_route=\/wp\/v2\/posts"}],"about":[{"href":"http:\/\/www.hans-peter-briegel.de\/blog\/index.php?rest_route=\/wp\/v2\/types\/post"}],"author":[{"embeddable":true,"href":"http:\/\/www.hans-peter-briegel.de\/blog\/index.php?rest_route=\/wp\/v2\/users\/1"}],"replies":[{"embeddable":true,"href":"http:\/\/www.hans-peter-briegel.de\/blog\/index.php?rest_route=%2Fwp%2Fv2%2Fcomments&post=1023"}],"version-history":[{"count":2,"href":"http:\/\/www.hans-peter-briegel.de\/blog\/index.php?rest_route=\/wp\/v2\/posts\/1023\/revisions"}],"predecessor-version":[{"id":1026,"href":"http:\/\/www.hans-peter-briegel.de\/blog\/index.php?rest_route=\/wp\/v2\/posts\/1023\/revisions\/1026"}],"wp:attachment":[{"href":"http:\/\/www.hans-peter-briegel.de\/blog\/index.php?rest_route=%2Fwp%2Fv2%2Fmedia&parent=1023"}],"wp:term":[{"taxonomy":"category","embeddable":true,"href":"http:\/\/www.hans-peter-briegel.de\/blog\/index.php?rest_route=%2Fwp%2Fv2%2Fcategories&post=1023"},{"taxonomy":"post_tag","embeddable":true,"href":"http:\/\/www.hans-peter-briegel.de\/blog\/index.php?rest_route=%2Fwp%2Fv2%2Ftags&post=1023"}],"curies":[{"name":"wp","href":"https:\/\/api.w.org\/{rel}","templated":true}]}}