{"id":1037,"date":"2016-12-12T17:39:36","date_gmt":"2016-12-12T16:39:36","guid":{"rendered":"http:\/\/www.hans-peter-briegel.de\/blog\/?p=1037"},"modified":"2016-12-12T17:41:44","modified_gmt":"2016-12-12T16:41:44","slug":"dankesschreiben-aus-der-fae-2","status":"publish","type":"post","link":"http:\/\/www.hans-peter-briegel.de\/blog\/?p=1037","title":{"rendered":"Dankesschreiben aus der FAE"},"content":{"rendered":"<p>Liebe Besucher, Fans und Freunde,<\/p>\n<p>\u00a0<\/p>\n<p>wie ihr wisst, liegen uns die Kinder der FAE mit ihrem Schicksal immer noch sehr am Herzen. Nach wie vor unterst\u00fctzen meine Frau und ich dieses gro\u00dfartige Projekt, und m\u00f6chten euch deshalb auch in diesem Jahr wieder an dem Bericht der FAE \u00fcber deren Einsatz und die Verwendung eurer Spenden teilhaben lassen.<\/p>\n<p>\u00a0<\/p>\n<blockquote><p><strong>Liebe Spender,<\/strong><br \/>\nin der Zeit zwischen dem 20.4 bis zum 20.10.2016 wurden verschiedene Aktivit\u00e4ten<br \/>\ndurchgef\u00fchrt, welche uns erlaubt haben, einige unserer Ziele f\u00fcr dieses Jahr zu erreichen.<\/p>\n<p>Au\u00dferdem konnten wir neue B\u00fcnde schlie\u00dfen, da wir haupts\u00e4chlich mit Freiwilligengruppen arbeiten.<\/p>\n<p>Im Juli hat uns der n\u00e4chste Jahrgang an Kindern mit einer Bildung auf Vorschulniveau verlassen. Diese erlaubt ihnen nun, dem Grundschulunterricht folgen zu k\u00f6nnen.<\/p>\n<p>Das Ern\u00e4hrungsprogramm wird an den Standorten von FAE, Tlatel und El Sol weitergef\u00fchrt. Dabei wird der Ern\u00e4hrungszustand jedes Kindes durch medizinische Untersuchungen festgehalten. Die t\u00e4gliche Dosis an Vitaminen, welche jedes Kind bekommt, wird auf den jeweiligen Ern\u00e4hrungszustand des Kindes abgestimmt.<br \/>\n[\u2026]<br \/>\nIch m\u00f6chte Ihnen nochmals unseren Dank f\u00fcr die Unterst\u00fctzung, die Sie uns zukommen lassen, aussprechen. So k\u00f6nnen wir weiterhin f\u00fcr das Wohlergehen der Jungen und M\u00e4dchen in unserer Gesellschaft arbeiten. <\/p><\/blockquote>\n<p>Den vollst\u00e4ndigen Brief findet ihr <a href=\"http:\/\/www.hans-peter-briegel.de\/blog\/?page_id=162\" target=\"_blank\">hier<\/a>.<\/p>\n<p>\u00a0<\/p>\n<p>Mit vorweihnachtlichen Gr\u00fc\u00dfen<br \/>\nEuer Hans-Peter Briegel<\/p>\n","protected":false},"excerpt":{"rendered":"<p>Liebe Besucher, Fans und Freunde, \u00a0 wie ihr wisst, liegen uns die Kinder der FAE mit ihrem Schicksal immer noch sehr am Herzen. Nach wie vor unterst\u00fctzen meine Frau und ich dieses gro\u00dfartige Projekt, und m\u00f6chten euch deshalb auch in diesem Jahr wieder an dem Bericht der FAE \u00fcber deren Einsatz und die Verwendung eurer [&hellip;]<\/p>\n","protected":false},"author":1,"featured_media":0,"comment_status":"closed","ping_status":"open","sticky":false,"template":"","format":"standard","meta":{"footnotes":""},"categories":[3],"tags":[],"_links":{"self":[{"href":"http:\/\/www.hans-peter-briegel.de\/blog\/index.php?rest_route=\/wp\/v2\/posts\/1037"}],"collection":[{"href":"http:\/\/www.hans-peter-briegel.de\/blog\/index.php?rest_route=\/wp\/v2\/posts"}],"about":[{"href":"http:\/\/www.hans-peter-briegel.de\/blog\/index.php?rest_route=\/wp\/v2\/types\/post"}],"author":[{"embeddable":true,"href":"http:\/\/www.hans-peter-briegel.de\/blog\/index.php?rest_route=\/wp\/v2\/users\/1"}],"replies":[{"embeddable":true,"href":"http:\/\/www.hans-peter-briegel.de\/blog\/index.php?rest_route=%2Fwp%2Fv2%2Fcomments&post=1037"}],"version-history":[{"count":6,"href":"http:\/\/www.hans-peter-briegel.de\/blog\/index.php?rest_route=\/wp\/v2\/posts\/1037\/revisions"}],"predecessor-version":[{"id":1043,"href":"http:\/\/www.hans-peter-briegel.de\/blog\/index.php?rest_route=\/wp\/v2\/posts\/1037\/revisions\/1043"}],"wp:attachment":[{"href":"http:\/\/www.hans-peter-briegel.de\/blog\/index.php?rest_route=%2Fwp%2Fv2%2Fmedia&parent=1037"}],"wp:term":[{"taxonomy":"category","embeddable":true,"href":"http:\/\/www.hans-peter-briegel.de\/blog\/index.php?rest_route=%2Fwp%2Fv2%2Fcategories&post=1037"},{"taxonomy":"post_tag","embeddable":true,"href":"http:\/\/www.hans-peter-briegel.de\/blog\/index.php?rest_route=%2Fwp%2Fv2%2Ftags&post=1037"}],"curies":[{"name":"wp","href":"https:\/\/api.w.org\/{rel}","templated":true}]}}