{"id":477,"date":"2011-02-07T19:26:41","date_gmt":"2011-02-07T18:26:41","guid":{"rendered":"http:\/\/www.hans-peter-briegel.de\/blog\/?p=477"},"modified":"2011-02-07T19:26:41","modified_gmt":"2011-02-07T18:26:41","slug":"hans-peter-revilo","status":"publish","type":"post","link":"http:\/\/www.hans-peter-briegel.de\/blog\/?p=477","title":{"rendered":"Hans-Peter \/ Revilo"},"content":{"rendered":"<p>\u00a0<\/p>\n<p>Liebe Besucher, Fans und Freunde,<\/p>\n<p>\u00a0<\/p>\n<p>vergangene Woche erreichte mich eine Email von Harald Lutz, der letzten Sommer auf der <a href=\"http:\/\/www.torwort.de\/blog\/detail\/artikel\/hans-peter-revilo.html\" target=\"blank\">Torwort-Seite<\/a> eine Geschichte dar\u00fcber ver\u00f6ffentlicht hat, wie er seinem Sohn aus dem Pixi-Buch \u201cRevilo\u201d vorgelesen und dabei Revilos Namen durch meinen ersetzt hat.<\/p>\n<p>Ich kann euch nicht sagen, wie sehr ich mich dar\u00fcber gefreut habe, und nat\u00fcrlich auch wie geehrt ich mich f\u00fchle, und deshalb m\u00f6chte ich sie mit euch teilen. Klickt auf <a href=\"http:\/\/www.hans-peter-briegel.de\/presse\/revilo.pdf\" target=\"blank\">diesen Link<\/a> um die Geschichte als PDF herunter zu laden. Vielen Dank, Harald!<\/p>\n<p>\u00a0<\/p>\n<p>Bis zum n\u00e4chsten Mal!<\/p>\n<p>Euer Hans-Peter Briegel<\/p>\n","protected":false},"excerpt":{"rendered":"<p>\u00a0 Liebe Besucher, Fans und Freunde, \u00a0 vergangene Woche erreichte mich eine Email von Harald Lutz, der letzten Sommer auf der Torwort-Seite eine Geschichte dar\u00fcber ver\u00f6ffentlicht hat, wie er seinem Sohn aus dem Pixi-Buch \u201cRevilo\u201d vorgelesen und dabei Revilos Namen durch meinen ersetzt hat. Ich kann euch nicht sagen, wie sehr ich mich dar\u00fcber gefreut [&hellip;]<\/p>\n","protected":false},"author":1,"featured_media":0,"comment_status":"closed","ping_status":"open","sticky":false,"template":"","format":"standard","meta":{"footnotes":""},"categories":[6],"tags":[],"_links":{"self":[{"href":"http:\/\/www.hans-peter-briegel.de\/blog\/index.php?rest_route=\/wp\/v2\/posts\/477"}],"collection":[{"href":"http:\/\/www.hans-peter-briegel.de\/blog\/index.php?rest_route=\/wp\/v2\/posts"}],"about":[{"href":"http:\/\/www.hans-peter-briegel.de\/blog\/index.php?rest_route=\/wp\/v2\/types\/post"}],"author":[{"embeddable":true,"href":"http:\/\/www.hans-peter-briegel.de\/blog\/index.php?rest_route=\/wp\/v2\/users\/1"}],"replies":[{"embeddable":true,"href":"http:\/\/www.hans-peter-briegel.de\/blog\/index.php?rest_route=%2Fwp%2Fv2%2Fcomments&post=477"}],"version-history":[{"count":3,"href":"http:\/\/www.hans-peter-briegel.de\/blog\/index.php?rest_route=\/wp\/v2\/posts\/477\/revisions"}],"predecessor-version":[{"id":480,"href":"http:\/\/www.hans-peter-briegel.de\/blog\/index.php?rest_route=\/wp\/v2\/posts\/477\/revisions\/480"}],"wp:attachment":[{"href":"http:\/\/www.hans-peter-briegel.de\/blog\/index.php?rest_route=%2Fwp%2Fv2%2Fmedia&parent=477"}],"wp:term":[{"taxonomy":"category","embeddable":true,"href":"http:\/\/www.hans-peter-briegel.de\/blog\/index.php?rest_route=%2Fwp%2Fv2%2Fcategories&post=477"},{"taxonomy":"post_tag","embeddable":true,"href":"http:\/\/www.hans-peter-briegel.de\/blog\/index.php?rest_route=%2Fwp%2Fv2%2Ftags&post=477"}],"curies":[{"name":"wp","href":"https:\/\/api.w.org\/{rel}","templated":true}]}}