{"id":493,"date":"2011-02-28T18:36:19","date_gmt":"2011-02-28T17:36:19","guid":{"rendered":"http:\/\/www.hans-peter-briegel.de\/blog\/?p=493"},"modified":"2011-02-28T20:22:31","modified_gmt":"2011-02-28T19:22:31","slug":"dankesschreiben-aus-der-fae","status":"publish","type":"post","link":"http:\/\/www.hans-peter-briegel.de\/blog\/?p=493","title":{"rendered":"Dankesschreiben aus der FAE"},"content":{"rendered":"<p>\u00a0<\/p>\n<p>Liebe Besucher, Fans und Freunde,<\/p>\n<p>\u00a0<\/p>\n<p>es gibt Neuigkeiten aus Mexiko! Unsere lieben Freunde aus der FAE haben uns einen Brief geschickt, um uns wissen zu lassen, wie es ihnen geht und um sich f\u00fcr all die Spenden zu bedanken, die ihr so gro\u00dfz\u00fcgig gesendet habt. Einen Teil des Schreibens poste ich hier, um den kompletten Brief zu lesen klickt bitte auf den u.a. Link um das PDF zu \u00f6ffnen.<\/p>\n<blockquote><p>Liebe Petra, liebe Familie von Petra, liebe Freunde und Bekannte von Petra und liebe Helfer\/innen und Spender\/innen vom Kindermissionswerk:<\/p>\n<p>Anbei ein klitzekleines Dankeszeichen aus unserer Fundaci\u00f3n para la Asistencia Educativa (FAE) f\u00fcr die gro\u03b2en Spenden von 14,998.43 Euro und 4,001.57 Euro, die insgesamt 19,000.00 Euro summieren, um den Kindern der FAE jeden Tag ihr warmes Essen zu gew\u00e4hrleisten und um den Kindern des Behindertenprogramms regelm\u00e4\u03b2ig ihre teilweise \u00fcberlebenswichtigen Nahrungspakete aush\u00e4ndigen zu k\u00f6nnen.  <\/p>\n<p>Maria Fernanda schreibt heute ein paar Worte aus ihrer Welt, aus einem der drei Kinderg\u00e4rten neben zwei der mehreren M\u00fcllhalden am Rande von Mexiko-Stadt, nachdem sie geh\u00f6rt hat, dass es Menschen ganz weit weg gibt, die wirklich ihren Kindergarten mit den bunt angemalten S\u00e4ulen am Essensraum kennen. Das hat sie sehr erstaunt, und sie hat mich gefragt, wo es so gro\u03b2e Fernrohre gibt, dass man sie sehen kann, wenn sie auf dem Hof herumrennt, ob jemand ein Foto von ihr gemacht hat oder ob die Menschen nachts heimlich \u00fcber das Wasser schwimmen oder ob gar ihr Papa von ihr erz\u00e4hlt hat. Denn der ist im Norden \u00fcber eine gef\u00e4hrliche Grenze durch eine Kakteenw\u00fcste gegangen, weil man da besser Geld verdient beim Arbeiten.\n<\/p><\/blockquote>\n<p><a href=\"http:\/\/www.hans-peter-briegel.de\/mexiko\/DOCDankeskarteErnaehrungsspendefuerFAE.pdf\" target=\"blank\"> Dankesschreiben aus der FAE<\/a><\/p>\n<p>\u00a0<\/p>\n<p>Bis zum n\u00e4chsten Mal!<\/p>\n<p>Euer Hans-Peter Briegel<\/p>\n","protected":false},"excerpt":{"rendered":"<p>\u00a0 Liebe Besucher, Fans und Freunde, \u00a0 es gibt Neuigkeiten aus Mexiko! Unsere lieben Freunde aus der FAE haben uns einen Brief geschickt, um uns wissen zu lassen, wie es ihnen geht und um sich f\u00fcr all die Spenden zu bedanken, die ihr so gro\u00dfz\u00fcgig gesendet habt. Einen Teil des Schreibens poste ich hier, um [&hellip;]<\/p>\n","protected":false},"author":1,"featured_media":0,"comment_status":"closed","ping_status":"open","sticky":false,"template":"","format":"standard","meta":{"footnotes":""},"categories":[3],"tags":[],"_links":{"self":[{"href":"http:\/\/www.hans-peter-briegel.de\/blog\/index.php?rest_route=\/wp\/v2\/posts\/493"}],"collection":[{"href":"http:\/\/www.hans-peter-briegel.de\/blog\/index.php?rest_route=\/wp\/v2\/posts"}],"about":[{"href":"http:\/\/www.hans-peter-briegel.de\/blog\/index.php?rest_route=\/wp\/v2\/types\/post"}],"author":[{"embeddable":true,"href":"http:\/\/www.hans-peter-briegel.de\/blog\/index.php?rest_route=\/wp\/v2\/users\/1"}],"replies":[{"embeddable":true,"href":"http:\/\/www.hans-peter-briegel.de\/blog\/index.php?rest_route=%2Fwp%2Fv2%2Fcomments&post=493"}],"version-history":[{"count":4,"href":"http:\/\/www.hans-peter-briegel.de\/blog\/index.php?rest_route=\/wp\/v2\/posts\/493\/revisions"}],"predecessor-version":[{"id":501,"href":"http:\/\/www.hans-peter-briegel.de\/blog\/index.php?rest_route=\/wp\/v2\/posts\/493\/revisions\/501"}],"wp:attachment":[{"href":"http:\/\/www.hans-peter-briegel.de\/blog\/index.php?rest_route=%2Fwp%2Fv2%2Fmedia&parent=493"}],"wp:term":[{"taxonomy":"category","embeddable":true,"href":"http:\/\/www.hans-peter-briegel.de\/blog\/index.php?rest_route=%2Fwp%2Fv2%2Fcategories&post=493"},{"taxonomy":"post_tag","embeddable":true,"href":"http:\/\/www.hans-peter-briegel.de\/blog\/index.php?rest_route=%2Fwp%2Fv2%2Ftags&post=493"}],"curies":[{"name":"wp","href":"https:\/\/api.w.org\/{rel}","templated":true}]}}