{"id":885,"date":"2013-07-23T18:16:34","date_gmt":"2013-07-23T17:16:34","guid":{"rendered":"http:\/\/www.hans-peter-briegel.de\/blog\/?p=885"},"modified":"2013-07-23T18:16:34","modified_gmt":"2013-07-23T17:16:34","slug":"dankesschreiben-der-fae-aus-mexiko","status":"publish","type":"post","link":"http:\/\/www.hans-peter-briegel.de\/blog\/?p=885","title":{"rendered":"Dankesschreiben der FAE aus Mexiko"},"content":{"rendered":"<p>\u00a0<\/p>\n<p>Liebe Besucher, Fans und Freunde,<\/p>\n<p>\u00a0<\/p>\n<p>ein weiteres Dankesschreiben aus Mexiko hat uns erreicht, das ich euch nat\u00fcrlich nicht vorenthalten m\u00f6chte. An dieser Stelle noch einmal ein herzliches Danke an alle, die unser Projekt bereits tatkr\u00e4ftig unterst\u00fctzen. Jeder noch so kleine Betrag hilft, das Leben dieser Menschen um ein Vielfaches zu verbessern und eure Spenden kommen zu 100% bei den Menschen an, f\u00fcr die sie gedacht sind.<\/p>\n<p>Weitere Informationen und ein paar Impressionen aus Mexiko findet ihr <a href=\"http:\/\/www.hans-peter-briegel.de\/blog\/?page_id=10\" target=\"blank\">hier<\/a>.<\/p>\n<p>\u00a0<\/p>\n<p>Euer Hans-Peter Briegel<\/p>\n<blockquote><p>Im Namen der ganzen Familie FAE m\u00f6chten wir besonders der Familie Briegel und Freunden ganz herzlich danken.<\/p>\n<p>\u00a0<\/p>\n<p>Gerne berichten wir \u00fcber die Aktivit\u00e4ten der Einrichtung von 2011 bis heute. Im Juni 2011 wurden weitere 40 Jungen und M\u00e4dchen angemeldet. Im Dezember kamen noch einmal 8 Kinder im TLATEL und 170 Kinder im SOL dazu. Durch gute Kontakte mit anderen Einrichtungen wird man immer mehr auf uns aufmerksam. Somit k\u00f6nnen wir immer mehr bed\u00fcrftigen Familien helfen. Das Problem der Unterern\u00e4hrung, besonders bei den Kleinen, versuchen wir zu bek\u00e4mpfen. Wir wiegen und messen die Kleinen regelm\u00e4\u00dfig, geben ihnen eine ausgewogene Ern\u00e4hrung und konnten schon feststellen, dass die Zeichen der Unterern\u00e4hrung bei diesen Kindern zur\u00fcckgegangen sind. Am Beispiel des kleinen M\u00e4dchens, Balbina, 15 Monate alt, k\u00f6nnen wir von einer wunderbaren Entwicklung berichten. Als Balbina zu uns kam, konnte sie weder sitzen noch laufen. Mittlerweile ist sie eines der lebendigsten Kinder unserer Einrichtung.<\/p>\n<p>\u00a0<\/p>\n<p>In den Kleinkindergruppen (18-24 Monate) wird speziell die Fein- und Grobmotorik, die Sprache und Sozialisierung gef\u00f6rdert.<br \/>\nDas Kasperletheater  ist f\u00fcr die Kleinen immer wieder ein gro\u00dfes Ereignis.  Didaktische Videos informieren \u00fcber Hygiene, Ordnung und H\u00f6flichkeit.<br \/>\nAuf dem k\u00fcnstlerischen Sektor, wie z.B. im Musikkurs, k\u00f6nnen die Kinder durch Musik und Tanz ihre Gef\u00fchle ausdr\u00fccken und auch ausleben. <\/p>\n<p>\u00a0<\/p>\n<p>Von Januar bis M\u00e4rz 2012 haben wir f\u00fcr insgesamt 753 Kinder (davon sind im SOL 201 Kinder und 50 im TLATEL und zus\u00e4tzlich 502 Kinder, die zum Essen von au\u00dferhalb kommen)  3468 Essen ausgeteilt. F\u00fcr viele Kinder ist dies die einzige Mahlzeit, h\u00e4ufig essen sie zweimal. Manche Kinder nehmen ihr Essen f\u00fcr ihre Geschwister mit nach Hause.<\/p>\n<p>\u00a0<\/p>\n<p>In gro\u00dfer Dankbarkeit<br \/>\nIm Namen aller Kinder und Mitarbeiter des FAE<br \/>\nLic. Carlos Leonardo Cu\u00e9llar Torres\n<\/p><\/blockquote>\n","protected":false},"excerpt":{"rendered":"<p>\u00a0 Liebe Besucher, Fans und Freunde, \u00a0 ein weiteres Dankesschreiben aus Mexiko hat uns erreicht, das ich euch nat\u00fcrlich nicht vorenthalten m\u00f6chte. An dieser Stelle noch einmal ein herzliches Danke an alle, die unser Projekt bereits tatkr\u00e4ftig unterst\u00fctzen. Jeder noch so kleine Betrag hilft, das Leben dieser Menschen um ein Vielfaches zu verbessern und eure [&hellip;]<\/p>\n","protected":false},"author":1,"featured_media":0,"comment_status":"closed","ping_status":"open","sticky":false,"template":"","format":"standard","meta":{"footnotes":""},"categories":[3],"tags":[],"_links":{"self":[{"href":"http:\/\/www.hans-peter-briegel.de\/blog\/index.php?rest_route=\/wp\/v2\/posts\/885"}],"collection":[{"href":"http:\/\/www.hans-peter-briegel.de\/blog\/index.php?rest_route=\/wp\/v2\/posts"}],"about":[{"href":"http:\/\/www.hans-peter-briegel.de\/blog\/index.php?rest_route=\/wp\/v2\/types\/post"}],"author":[{"embeddable":true,"href":"http:\/\/www.hans-peter-briegel.de\/blog\/index.php?rest_route=\/wp\/v2\/users\/1"}],"replies":[{"embeddable":true,"href":"http:\/\/www.hans-peter-briegel.de\/blog\/index.php?rest_route=%2Fwp%2Fv2%2Fcomments&post=885"}],"version-history":[{"count":3,"href":"http:\/\/www.hans-peter-briegel.de\/blog\/index.php?rest_route=\/wp\/v2\/posts\/885\/revisions"}],"predecessor-version":[{"id":888,"href":"http:\/\/www.hans-peter-briegel.de\/blog\/index.php?rest_route=\/wp\/v2\/posts\/885\/revisions\/888"}],"wp:attachment":[{"href":"http:\/\/www.hans-peter-briegel.de\/blog\/index.php?rest_route=%2Fwp%2Fv2%2Fmedia&parent=885"}],"wp:term":[{"taxonomy":"category","embeddable":true,"href":"http:\/\/www.hans-peter-briegel.de\/blog\/index.php?rest_route=%2Fwp%2Fv2%2Fcategories&post=885"},{"taxonomy":"post_tag","embeddable":true,"href":"http:\/\/www.hans-peter-briegel.de\/blog\/index.php?rest_route=%2Fwp%2Fv2%2Ftags&post=885"}],"curies":[{"name":"wp","href":"https:\/\/api.w.org\/{rel}","templated":true}]}}