{"id":935,"date":"2013-12-03T08:33:17","date_gmt":"2013-12-03T07:33:17","guid":{"rendered":"http:\/\/www.hans-peter-briegel.de\/blog\/?p=935"},"modified":"2013-12-03T08:38:46","modified_gmt":"2013-12-03T07:38:46","slug":"melderekord-beim-fritz-walter-cup","status":"publish","type":"post","link":"http:\/\/www.hans-peter-briegel.de\/blog\/?p=935","title":{"rendered":"Melderekord beim Fritz-Walter-Cup"},"content":{"rendered":"<p>\u00a0<\/p>\n<p>Liebe Besucher, Fans und Freunde,<\/p>\n<p>\u00a0<\/p>\n<p>die <a href=\"http:\/\/www.fritz-walter-stiftung.de\" title=\"Fritz-Walter-Stiftung\" target=\"_blank\">Fritz-Walter-Stiftung<\/a> lie\u00df mich wissen, dass es beim diesj\u00e4hrigen <a href=\"http:\/\/www.fritz-walter-stiftung.de\/wettbewerbe\/fritz-walter-cup.html\" title=\"Fritz-Walter-Cup\" target=\"_blank\">Fritz-Walter-Cup<\/a> einen Melderekord gibt: ganze 502 Mannschaften nehmen teil. Der Wahnsinn! Ich w\u00fcnsche allen Mannschaften viel Erfolg!<\/p>\n<p>Bei Fragen zum Fritz-Walter-Cup steht euch Koordinator Sven Weilemann (Telefon 0631-45553 (dienstlich), E-Mail: sven.weilemann@fritz-walter-stiftung.de) gerne zur Verf\u00fcgung.<\/p>\n<p>\u00a0<\/p>\n<p>Euer Hans-Peter Briegel<\/p>\n","protected":false},"excerpt":{"rendered":"<p>\u00a0 Liebe Besucher, Fans und Freunde, \u00a0 die Fritz-Walter-Stiftung lie\u00df mich wissen, dass es beim diesj\u00e4hrigen Fritz-Walter-Cup einen Melderekord gibt: ganze 502 Mannschaften nehmen teil. Der Wahnsinn! Ich w\u00fcnsche allen Mannschaften viel Erfolg! Bei Fragen zum Fritz-Walter-Cup steht euch Koordinator Sven Weilemann (Telefon 0631-45553 (dienstlich), E-Mail: sven.weilemann@fritz-walter-stiftung.de) gerne zur Verf\u00fcgung. \u00a0 Euer Hans-Peter Briegel<\/p>\n","protected":false},"author":1,"featured_media":0,"comment_status":"closed","ping_status":"open","sticky":false,"template":"","format":"standard","meta":{"footnotes":""},"categories":[4],"tags":[],"_links":{"self":[{"href":"http:\/\/www.hans-peter-briegel.de\/blog\/index.php?rest_route=\/wp\/v2\/posts\/935"}],"collection":[{"href":"http:\/\/www.hans-peter-briegel.de\/blog\/index.php?rest_route=\/wp\/v2\/posts"}],"about":[{"href":"http:\/\/www.hans-peter-briegel.de\/blog\/index.php?rest_route=\/wp\/v2\/types\/post"}],"author":[{"embeddable":true,"href":"http:\/\/www.hans-peter-briegel.de\/blog\/index.php?rest_route=\/wp\/v2\/users\/1"}],"replies":[{"embeddable":true,"href":"http:\/\/www.hans-peter-briegel.de\/blog\/index.php?rest_route=%2Fwp%2Fv2%2Fcomments&post=935"}],"version-history":[{"count":5,"href":"http:\/\/www.hans-peter-briegel.de\/blog\/index.php?rest_route=\/wp\/v2\/posts\/935\/revisions"}],"predecessor-version":[{"id":940,"href":"http:\/\/www.hans-peter-briegel.de\/blog\/index.php?rest_route=\/wp\/v2\/posts\/935\/revisions\/940"}],"wp:attachment":[{"href":"http:\/\/www.hans-peter-briegel.de\/blog\/index.php?rest_route=%2Fwp%2Fv2%2Fmedia&parent=935"}],"wp:term":[{"taxonomy":"category","embeddable":true,"href":"http:\/\/www.hans-peter-briegel.de\/blog\/index.php?rest_route=%2Fwp%2Fv2%2Fcategories&post=935"},{"taxonomy":"post_tag","embeddable":true,"href":"http:\/\/www.hans-peter-briegel.de\/blog\/index.php?rest_route=%2Fwp%2Fv2%2Ftags&post=935"}],"curies":[{"name":"wp","href":"https:\/\/api.w.org\/{rel}","templated":true}]}}