{"id":999,"date":"2015-01-27T16:49:24","date_gmt":"2015-01-27T15:49:24","guid":{"rendered":"http:\/\/www.hans-peter-briegel.de\/blog\/?p=999"},"modified":"2016-04-19T16:18:18","modified_gmt":"2016-04-19T15:18:18","slug":"neue-schiedsrichter-aus-der-jva-wittlich","status":"publish","type":"post","link":"http:\/\/www.hans-peter-briegel.de\/blog\/?p=999","title":{"rendered":"Neue Schiedsrichter aus der JVA Wittlich"},"content":{"rendered":"<p>Liebe Besucher, Fans und Freunde,<\/p>\n<p>\u00a0<\/p>\n<p>am Wochenende hatte ich das gro\u00dfe Vergn\u00fcgen, als Ehrengast zur Verleihung der Zertifikate an die erfolgreichen Absolventen der Schiedsrichterpr\u00fcfung in der JVA Wittlich eingeladen zu sein. Einen ausf\u00fchrlichen Bericht findet Ihr auf <a href=\"http:\/\/lokalo.de\/artikel\/83189\/resozialisierung-schiedsrichter-jva\" target=\"_blank\">lokalo.de<\/a>. An dieser Stelle noch einmal meinen Herzlichen Gl\u00fcckwunsch zum Bestehen der Pr\u00fcfung!<\/p>\n<p>\u00a0<\/p>\n<p>Euer Hans-Peter Briegel<\/p>\n","protected":false},"excerpt":{"rendered":"<p>Liebe Besucher, Fans und Freunde, \u00a0 am Wochenende hatte ich das gro\u00dfe Vergn\u00fcgen, als Ehrengast zur Verleihung der Zertifikate an die erfolgreichen Absolventen der Schiedsrichterpr\u00fcfung in der JVA Wittlich eingeladen zu sein. Einen ausf\u00fchrlichen Bericht findet Ihr auf lokalo.de. An dieser Stelle noch einmal meinen Herzlichen Gl\u00fcckwunsch zum Bestehen der Pr\u00fcfung! \u00a0 Euer Hans-Peter Briegel<\/p>\n","protected":false},"author":1,"featured_media":0,"comment_status":"closed","ping_status":"open","sticky":false,"template":"","format":"standard","meta":{"footnotes":""},"categories":[1],"tags":[],"_links":{"self":[{"href":"http:\/\/www.hans-peter-briegel.de\/blog\/index.php?rest_route=\/wp\/v2\/posts\/999"}],"collection":[{"href":"http:\/\/www.hans-peter-briegel.de\/blog\/index.php?rest_route=\/wp\/v2\/posts"}],"about":[{"href":"http:\/\/www.hans-peter-briegel.de\/blog\/index.php?rest_route=\/wp\/v2\/types\/post"}],"author":[{"embeddable":true,"href":"http:\/\/www.hans-peter-briegel.de\/blog\/index.php?rest_route=\/wp\/v2\/users\/1"}],"replies":[{"embeddable":true,"href":"http:\/\/www.hans-peter-briegel.de\/blog\/index.php?rest_route=%2Fwp%2Fv2%2Fcomments&post=999"}],"version-history":[{"count":2,"href":"http:\/\/www.hans-peter-briegel.de\/blog\/index.php?rest_route=\/wp\/v2\/posts\/999\/revisions"}],"predecessor-version":[{"id":1015,"href":"http:\/\/www.hans-peter-briegel.de\/blog\/index.php?rest_route=\/wp\/v2\/posts\/999\/revisions\/1015"}],"wp:attachment":[{"href":"http:\/\/www.hans-peter-briegel.de\/blog\/index.php?rest_route=%2Fwp%2Fv2%2Fmedia&parent=999"}],"wp:term":[{"taxonomy":"category","embeddable":true,"href":"http:\/\/www.hans-peter-briegel.de\/blog\/index.php?rest_route=%2Fwp%2Fv2%2Fcategories&post=999"},{"taxonomy":"post_tag","embeddable":true,"href":"http:\/\/www.hans-peter-briegel.de\/blog\/index.php?rest_route=%2Fwp%2Fv2%2Ftags&post=999"}],"curies":[{"name":"wp","href":"https:\/\/api.w.org\/{rel}","templated":true}]}}